{"id":202,"date":"2020-11-30T10:58:29","date_gmt":"2020-11-30T10:58:29","guid":{"rendered":"https:\/\/atw.hu\/blog\/?p=202"},"modified":"2021-05-18T10:01:23","modified_gmt":"2021-05-18T10:01:23","slug":"amikor-a-szolgaltatotol-fuggetlen-tarhely-mentes-javasolt","status":"publish","type":"post","link":"https:\/\/atw.hu\/blog\/amikor-a-szolgaltatotol-fuggetlen-tarhely-mentes-javasolt\/","title":{"rendered":"Sz\u00fcks\u00e9ges a szolg\u00e1ltat\u00f3t\u00f3l f\u00fcggetlen t\u00e1rhely ment\u00e9s?"},"content":{"rendered":"\n<p>Kor\u00e1bbi bejegyz\u00e9s\u00fcnkben r\u00e9szletesen ismertett\u00fck az <a href=\"https:\/\/atw.hu\/blog\/a-webtarhelyek-biztonsagi-mentese\/?blog=202011\" target=\"_blank\" rel=\"noreferrer noopener\">ATW-n\u00e9l \u00fczemel\u0151 webt\u00e1rhelyek archiv\u00e1l\u00e1si elv\u00e9t<\/a>. Az automatikusan rendelkez\u00e9sre \u00e1ll\u00f3 <strong>inkrement\u00e1lis ment\u00e9s<\/strong>nek k\u00f6sz\u00f6nhet\u0151en 30 nap helyett ak\u00e1r 3 \u00e9vre visszamen\u0151leg is el\u00e9rhet\u0151k ment\u00e9sek. Viszont egyetlenegy ment\u00e9si m\u00f3d &#8211; m\u00e9g az inkrement\u00e1lis sem ad felt\u00e9tlen\u00fcl 100%-os biztons\u00e1got \u00f6nmag\u00e1ban.<\/p>\n\n\n\n<blockquote class=\"wp-block-quote is-layout-flow wp-block-quote-is-layout-flow\"><p>Egy-egy k\u00fcl\u00f6n\u00e1ll\u00f3 ment\u00e9s bizony<br>hasznos tud lenni <strong>n\u00e9h\u00e1ny esetben<\/strong>.<\/p><\/blockquote>\n\n\n\n<p>Ez a meg\u00e1llap\u00edt\u00e1s m\u00e1ris r\u00e1vil\u00e1g\u00edt arra, hogy <strong>a saj\u00e1t ment\u00e9s k\u00e9sz\u00edt\u00e9se legink\u00e1bb eseti jelleggel javasolt<\/strong>. N\u00e9zz\u00fcnk \u00e9letszer\u0171 p\u00e9ld\u00e1kat, hogy mikor \u00e9s mi\u00e9rt.<\/p>\n\n\n\n<h2 class=\"wp-block-heading\">1. eset: webfejleszt\u00e9s el\u0151tt<\/h2>\n\n\n\n<div class=\"wp-block-image is-style-default\"><figure class=\"alignright size-large is-resized\"><img loading=\"lazy\" decoding=\"async\" src=\"https:\/\/atw.hu\/blog\/wp-content\/uploads\/2020\/12\/webfejlesztes.jpg\" alt=\"\" class=\"wp-image-232\" width=\"563\" height=\"328\"\/><\/figure><\/div>\n\n\n\n<p>Hogyha nagyobb v\u00e1ltoztat\u00e1sra\/friss\u00edt\u00e9sre van sz\u00fcks\u00e9g egy m\u0171k\u00f6d\u0151 weboldal vagy web\u00e1ruh\u00e1z forr\u00e1sk\u00f3dj\u00e1ban, akkor a fejleszt\u00e9s megkezd\u00e9se el\u0151tt mindenk\u00e9pp \u00e9rdemes saj\u00e1t ment\u00e9st v\u00e9gezni. A legjobb az, hogyha a fejleszt\u0151 saj\u00e1t sz\u00e1m\u00edt\u00f3g\u00e9p\u00e9re t\u00f6lti le a backupot a munka megkezd\u00e9se el\u0151tt.<\/p>\n\n\n\n<p><span style=\"text-decoration: underline;\">Mi\u00e9rt?<\/span><br>Az <strong>automata napi ment\u00e9sre<\/strong> jellemz\u0151en <strong>\u00e9jszaka ker\u00fcl sor<\/strong> \u00e9s az \u00fcgyf\u00e9lnek nincs r\u00e1hat\u00e1sa a ment\u00e9s id\u0151pontj\u00e1ra. A manu\u00e1lis ment\u00e9s viszont rugalmasabb \u00e9s elv\u00e9gezhet\u0151 b\u00e1rmilyen k\u00e9nyes beavatkoz\u00e1st megel\u0151z\u0151 pillanatban.<\/p>\n\n\n\n<p>Amikor egy webfejleszt\u0151 friss\u00edt\u00e9st v\u00e9gez mondjuk egy n\u00e9pszer\u0171 web\u00e1ruh\u00e1zon, azt \u00e1ltal\u00e1ban munkaid\u0151ben teszi. <strong>Az utols\u00f3 \u00e9jjeli ment\u00e9s \u00e9s a napk\u00f6zbeni fejleszt\u00e9s k\u00f6z\u00f6tt ak\u00e1r 10-12 \u00f3ra is eltelhet, amely id\u0151 alatt egy forgalmas \u00e1ruh\u00e1z eset\u00e9ben \u00f6sszess\u00e9g\u00e9ben ak\u00e1r milli\u00f3s nagys\u00e1grend\u0171 megrendel\u00e9s t\u00f6rt\u00e9nik.<\/strong> Puszt\u00e1n az automatikus ment\u00e9sre hagyatkozva egy v\u00e1ratlan fejleszt\u00e9si hiba eset\u00e9n teh\u00e1t a k\u00f6ztes id\u0151b\u0151l sz\u00e1rmaz\u00f3 megrendel\u00e9si adatok elveszt\u00e9se jelent\u0151s probl\u00e9m\u00e1t okoz egzisztenci\u00e1lisan \u00e9s anyagilag is.<\/p>\n\n\n\n<p>Ha viszont k\u00e9sz\u00fclt ment\u00e9s k\u00f6zvetlen\u00fcl a v\u00e1ltoztat\u00e1sok el\u0151tt, akkor <strong><mark>t\u00f6red\u00e9k\u00e9re cs\u00f6kkenthet\u0151 az esetleges adatveszt\u00e9s<\/mark><\/strong> \u00e9s az azzal j\u00e1r\u00f3 bev\u00e9telveszt\u00e9s m\u00e9rt\u00e9ke.<\/p>\n\n\n\n<p><span style=\"text-decoration: underline;\">M\u00e9g mi\u00e9rt?<\/span><br><strong>Az automatikus biztons\u00e1gi ment\u00e9sb\u0151l val\u00f3 vissza\u00e1ll\u00edt\u00e1s id\u0151ig\u00e9nyes<\/strong> feladat. <\/p>\n\n\n\n<ol class=\"wp-block-list\"><li><em><strong>Id\u0151<\/strong>t <\/em>vesz ig\u00e9nybe a biztons\u00e1gi ment\u00e9s t\u00f6m\u00f6r\u00edtett \u00e1llom\u00e1ny\u00e1nak <strong>bet\u00f6lt\u00e9se <\/strong>a t\u00e1rhelyre, amelynek hossza a mentett adatok mennyis\u00e9g\u00e9t\u0151l f\u00fcgg. Min\u00e9l t\u00f6bb adat van a backupban, \u00e9rtelemszer\u0171en ann\u00e1l tov\u00e1bb tart a m\u0171velet.<\/li><li><em><strong>Id\u0151<\/strong>t <\/em>vesz ig\u00e9nybe a backup <strong>let\u00f6lt\u00e9se <\/strong>a saj\u00e1t g\u00e9pre, amelynek hossza a backup m\u00e9ret\u00e9n k\u00edv\u00fcl az internet kapcsolat sebess\u00e9g\u00e9t\u0151l f\u00fcgg.<\/li><li><em><em><strong>Id\u0151<\/strong>t<\/em> <\/em>vesz ig\u00e9nybe ezut\u00e1n a jav\u00edt\u00e1shoz sz\u00fcks\u00e9ges f\u00e1jlok kinyer\u00e9se \u00e9s <strong>felt\u00f6lt\u00e9se <\/strong>a t\u00e1rhelyre.<\/li><\/ol>\n\n\n\n<p><em>A k\u00e1rosult \u00fcgyf\u00e9l szem\u00e9ben a jav\u00edt\u00e1sra ford\u00edtott id\u0151, id\u0151 \u00e9s id\u0151 <strong>v\u00e9gtelennek t\u0171nhet<\/strong>, amely alatt a k\u00e1ra csak tov\u00e1bb n\u0151.<\/em><\/p>\n\n\n\n<p>Viszont, ha k\u00e9zn\u00e9l van a fejleszt\u00e9s el\u0151tti ment\u00e9s, akkor <strong><mark>a jav\u00edt\u00e1s k\u00e9t id\u0151em\u00e9szt\u0151 l\u00e9p\u00e9ssel gyorsabban<\/mark><\/strong> megval\u00f3s\u00edthat\u00f3, mert bet\u00f6lt\u00e9s \u00e9s let\u00f6lt\u00e9s helyett m\u00e1r kiz\u00e1r\u00f3lag a jav\u00edt\u00f3f\u00e1jlok felt\u00f6lt\u00e9s\u00e9re kell koncentr\u00e1lni. Ezzel teh\u00e1t minimaliz\u00e1lhat\u00f3 egy v\u00e1ratlan m\u0171k\u00f6d\u00e9skies\u00e9s id\u0151tartama \u00e9s az azzal j\u00e1r\u00f3 vesztes\u00e9g.<\/p>\n\n\n\n<h2 class=\"wp-block-heading\">2. eset: lemond\u00e1si sz\u00e1nd\u00e9k eset\u00e9n<\/h2>\n\n\n\n<div class=\"wp-block-image is-style-default\"><figure class=\"alignright size-large is-resized\"><img loading=\"lazy\" decoding=\"async\" src=\"https:\/\/atw.hu\/blog\/wp-content\/uploads\/2020\/12\/szerzodes-bontas.jpg\" alt=\"\" class=\"wp-image-234\" width=\"540\" height=\"365\"\/><\/figure><\/div>\n\n\n\n<p><span style=\"text-decoration: underline;\">Mi\u00e9rt?<\/span><br>A <strong>szolg\u00e1ltat\u00f3i ment\u00e9sek kiz\u00e1r\u00f3lag a szolg\u00e1ltat\u00e1s id\u0151tartama alatt \u00e9rhet\u0151k el<\/strong>, mert csak arra az id\u0151szakra van adatkezel\u00e9si jogosults\u00e1ga.<\/p>\n\n\n\n<p>Amikor az \u00fcgyf\u00e9l <strong>t\u00f6rli a <a href=\"https:\/\/atw.hu\/tarhely?blog=202011\" target=\"_blank\" rel=\"noreferrer noopener\">webt\u00e1rhely<\/a> szolg\u00e1ltat\u00e1st<\/strong> (<a href=\"#veletlen-balesetek-megelozese\">ak\u00e1r csak t\u00e9ved\u00e9sb\u0151l, l\u00e1sd lentebb<\/a>), akkor az addig ment\u00e9st biztos\u00edt\u00f3 <strong>szolg\u00e1ltat\u00f3 adatkezel\u0151i jogviszonya azonnal megsz\u0171nik<\/strong>. Ez azt jelenti, hogy semmilyen adatot, m\u00e9g ment\u00e9seket sem t\u00e1rolhat tov\u00e1bb! <\/p>\n\n\n\n<p>Ennek ok\u00e1n nek\u00fcnk, mint <strong>szolg\u00e1ltat\u00f3nak, a teljes t\u00e1rhelyet \u00e9s a hozz\u00e1 tartoz\u00f3 \u00f6sszes ment\u00e9st t\u00f6r\u00f6lni kell<\/strong> visszavonhatatlanul. Volt ment\u00e9s \u2013 nincs ment\u00e9s. <\/p>\n\n\n\n<h2 class=\"wp-block-heading\" id=\"veletlen-balesetek-megelozese\">+1 az alkalomszer\u0171 ment\u00e9s gy\u00f3gy\u00edr a v\u00e9letlen balesetekre<\/h2>\n\n\n\n<p>Hab\u00e1r az informatika \u00e9s az online rendszerek egyre ink\u00e1bb az \u00e9let\u00fcnk r\u00e9sz\u00e9t k\u00e9pezik, m\u00e9gsem v\u00e1rhat\u00f3 el, hogy mindenki azonnal k\u00e9szs\u00e9g szinten tudja kezelni azokat. M\u00e9g a legjobbak is bakizhatnak n\u00e9ha.<\/p>\n\n\n\n<p>A <a href=\"https:\/\/atw.hu\/tarhely?blog=202011\" target=\"_blank\" rel=\"noreferrer noopener\">webt\u00e1rhely<\/a> szolg\u00e1ltat\u00e1st ig\u00e9nybe vev\u0151 <strong>\u00fcgyfelek t\u00f6bbs\u00e9ge nem IT szakember<\/strong>, viszont hivatalos kapcsolattart\u00f3k\u00e9nt <strong>hozz\u00e1f\u00e9r minden adminisztr\u00e1ci\u00f3s fel\u00fclethez<\/strong>. J\u00f3 esetben van informatikus beosztottja vagy megb\u00edzott IT c\u00e9g a technikai m\u0171veletek elv\u00e9gz\u00e9s\u00e9re. De az\u00e9rt \u00e9rdemes felk\u00e9sz\u00fclni a v\u00e9letlenekre, mert ahol emberek dolgoznak, ott <strong>el\u0151fordulhatnak gondatlans\u00e1gb\u00f3l<\/strong> vagy sok esetben egyszer\u0171en csak <strong>tudatlans\u00e1gb\u00f3l elk\u00f6vetett v\u00e9ts\u00e9gek.<\/strong> <\/p>\n\n\n\n<p>Az \u00fcgyint\u00e9z\u0151t megb\u00edzz\u00e1k, hogy <strong>sz\u00fcntessen meg egy adott weboldalt<\/strong>. Viszont f\u00e9lre\u00e9rt\u00e9sb\u0151l vagy puszt\u00e1n figyelmetlens\u00e9gb\u0151l <strong>t\u00f6rli a weboldalt tartalmaz\u00f3 t\u00e1rhelyet<\/strong>. A feladat sikeresen elv\u00e9gezve \u00e9s majdnem j\u00f3l csin\u00e1lta. De a <a href=\"https:\/\/atw.hu\/tarhely?blog=202011\" target=\"_blank\" rel=\"noreferrer noopener\">t\u00e1rhely<\/a>hez m\u00e1s domain nevek is kapcsol\u00f3dtak tov\u00e1bbi weboldalakkal, amelyek \u00edgy szint\u00e9n megsz\u0171ntek. Sajnos v\u00e9gleg, mert a t\u00e1rhely t\u00f6rl\u00e9s a szolg\u00e1ltat\u00e1s lemond\u00e1s\u00e1nak min\u0151s\u00fcl, amivel m\u00e1ris visszakanyarodtunk a 2. esethez: <strong>m\u00e9g csak egy biztons\u00e1gi ment\u00e9s se maradt a weboldalakr\u00f3l.<\/strong><\/p>\n\n\n\n<p><strong>Hacsak nem<\/strong> ment biztosra a szakavatott, mindenre felk\u00e9sz\u00fclt informatikus <strong>egy k\u00fcl\u00f6n\u00e1ll\u00f3 egyedi t\u00e1rhely ment\u00e9s<\/strong>sel!<\/p>\n\n\n\n<p>Azt mondj\u00e1k, hogy a h\u00fclyes\u00e9gre nincs orvoss\u00e1g. Ez\u00e9rt a megel\u0151z\u00e9sen van a hangs\u00faly. Hogyha emberek, pl\u00e1ne laikusok is hozz\u00e1f\u00e9rnek a webt\u00e1rhely adminisztr\u00e1ci\u00f3s fel\u00fclet\u00e9hez, akkor is \u00e9rdemes legal\u00e1bb egy, szolg\u00e1ltat\u00f3t\u00f3l f\u00fcggetlen ment\u00e9st t\u00e1rolni. A v\u00e1ltoz\u00f3 adatokr\u00f3l (pl. adatb\u00e1zis \u00e9s upload k\u00f6nyvt\u00e1r) pedig ak\u00e1r rendszeresen.<\/p>\n\n\n\n<p class=\"w-75 p-20 mx-auto has-black-color has-luminous-vivid-amber-background-color has-text-color has-background\">Mindezek mellett kiemelten fontos, hogyha a ment\u00e9s tartalmaz szem\u00e9lyes adatokat, akkor a kezel\u00e9sekor az \u00e1ltal\u00e1nos adatv\u00e9delmi rendeletnek (GDPR) megfelel\u0151en kell elj\u00e1rni.<\/p>\n","protected":false},"excerpt":{"rendered":"<p>\u00d6nmag\u00e1ban egyetlen ment\u00e9si m\u00f3d, m\u00e9g a szolg\u00e1ltat\u00f3 inkrement\u00e1lis ment\u00e9se sem ad felt\u00e9tlen\u00fcl 100%-os biztons\u00e1got. Mutatunk n\u00e9h\u00e1ny p\u00e9ld\u00e1t!<\/p>\n","protected":false},"author":2,"featured_media":277,"comment_status":"open","ping_status":"open","sticky":false,"template":"","format":"standard","meta":{"footnotes":""},"categories":[3],"tags":[30,7,6],"class_list":["post-202","post","type-post","status-publish","format-standard","has-post-thumbnail","hentry","category-szakmazas","tag-backup","tag-biztonsagi-mentes","tag-webtarhely"],"_links":{"self":[{"href":"https:\/\/atw.hu\/blog\/wp-json\/wp\/v2\/posts\/202","targetHints":{"allow":["GET"]}}],"collection":[{"href":"https:\/\/atw.hu\/blog\/wp-json\/wp\/v2\/posts"}],"about":[{"href":"https:\/\/atw.hu\/blog\/wp-json\/wp\/v2\/types\/post"}],"author":[{"embeddable":true,"href":"https:\/\/atw.hu\/blog\/wp-json\/wp\/v2\/users\/2"}],"replies":[{"embeddable":true,"href":"https:\/\/atw.hu\/blog\/wp-json\/wp\/v2\/comments?post=202"}],"version-history":[{"count":66,"href":"https:\/\/atw.hu\/blog\/wp-json\/wp\/v2\/posts\/202\/revisions"}],"predecessor-version":[{"id":886,"href":"https:\/\/atw.hu\/blog\/wp-json\/wp\/v2\/posts\/202\/revisions\/886"}],"wp:featuredmedia":[{"embeddable":true,"href":"https:\/\/atw.hu\/blog\/wp-json\/wp\/v2\/media\/277"}],"wp:attachment":[{"href":"https:\/\/atw.hu\/blog\/wp-json\/wp\/v2\/media?parent=202"}],"wp:term":[{"taxonomy":"category","embeddable":true,"href":"https:\/\/atw.hu\/blog\/wp-json\/wp\/v2\/categories?post=202"},{"taxonomy":"post_tag","embeddable":true,"href":"https:\/\/atw.hu\/blog\/wp-json\/wp\/v2\/tags?post=202"}],"curies":[{"name":"wp","href":"https:\/\/api.w.org\/{rel}","templated":true}]}}