{"id":288,"date":"2020-12-14T10:15:59","date_gmt":"2020-12-14T10:15:59","guid":{"rendered":"https:\/\/atw.hu\/blog\/?p=288"},"modified":"2021-05-18T09:57:40","modified_gmt":"2021-05-18T09:57:40","slug":"digitalis-alairas","status":"publish","type":"post","link":"https:\/\/atw.hu\/blog\/digitalis-alairas\/","title":{"rendered":"Digit\u00e1lis al\u00e1\u00edr\u00e1s"},"content":{"rendered":"\n<p>A koronav\u00edrus-j\u00e1rv\u00e1ny k\u00f6vetkezt\u00e9ben megn\u0151tt a <strong>t\u00e1vmunk\u00e1ban<\/strong> otthonr\u00f3l dolgoz\u00f3k sz\u00e1ma az \u00fcgyfeleink k\u00f6r\u00e9ben is. Ez\u00e9rt egyre nagyobb az \u00e9rdekl\u0151d\u00e9s a <strong>pap\u00edrmentes \u00fcgyint\u00e9z\u00e9s<\/strong> ir\u00e1nt.<\/p>\n\n\n\n<p><a rel=\"noreferrer noopener\" href=\"https:\/\/atw.hu?blog=202012\" target=\"_blank\">C\u00e9g\u00fcnk internetes<\/a><a href=\"https:\/\/atw.hu?blog=202012\" target=\"_blank\" rel=\"noreferrer noopener\"> <\/a><a rel=\"noreferrer noopener\" href=\"https:\/\/atw.hu?blog=202012\" target=\"_blank\">szolg\u00e1ltat\u00e1sokat ny\u00fajt<\/a>, ez\u00e9rt a kezdetek \u00f3ta t\u00f6rekszik az elektronikus \u00fcgyint\u00e9z\u00e9s lehet\u0151s\u00e9g\u00e9re. A legt\u00f6bb szolg\u00e1ltat\u00e1sunk ig\u00e9nybev\u00e9tel\u00e9hez elegend\u0151 elfogadni az \u00c1SZF-et (\u00c1ltal\u00e1nos Szerz\u0151d\u00e9si Felt\u00e9telek) a megrendel\u00e9skor, amely esetben al\u00e1\u00edr\u00e1sra egy\u00e1ltal\u00e1n nincs sz\u00fcks\u00e9g. A szolg\u00e1ltat\u00e1sok tov\u00e1bbi kezel\u00e9se pedig az iADMIN fel\u00fcleten zajlik az \u00fcgyf\u00e9lszolg\u00e1lati iroda helyett.<\/p>\n\n\n\n<p>N\u00e9h\u00e1ny szolg\u00e1ltat\u00e1shoz (p\u00e9ld\u00e1ul a <a href=\"https:\/\/atw.hu\/domain-hordozas?blog=202012\" target=\"_blank\" rel=\"noreferrer noopener\">domain hordoz\u00e1s<\/a>hoz) azonban elengedhetetlen bizonyos dokumentumok kit\u00f6lt\u00e9se, s\u0151t esetenk\u00e9nt indokolt az egyedi <strong>szerz\u0151d\u00e9sk\u00f6t\u00e9s<\/strong> is. Ez viszont <strong>nyomtat\u00f3 \u00e9s szkenner<\/strong> <strong>n\u00e9lk\u00fcl <\/strong>is megval\u00f3s\u00edthat\u00f3 <strong>digit\u00e1lis al\u00e1\u00edr\u00e1ssal<\/strong>, pontosabb kifejez\u00e9ssel \u00e9lve elektronikus hiteles\u00edt\u00e9ssel.<\/p>\n\n\n\n<p>Egy kor\u00e1bban szkennelt al\u00e1\u00edr\u00e1s r\u00e1m\u00e1sol\u00e1sa nem min\u0151s\u00fcl elektronikus hiteles\u00edt\u00e9snek, helyette megmutatjuk a j\u00f3 megold\u00e1st!<\/p>\n\n\n\n<div class=\"wp-block-image my-5 img-fluid\"><figure class=\"aligncenter size-large\"><img loading=\"lazy\" decoding=\"async\" width=\"1200\" height=\"445\" src=\"https:\/\/atw.hu\/blog\/wp-content\/uploads\/2020\/12\/digisign.jpg\" alt=\"\" class=\"wp-image-327\" title=\"\"\/><\/figure><\/div>\n\n\n\n<h2 class=\"wp-block-heading\">Az orsz\u00e1gszerte elfogadhat\u00f3 digit\u00e1lis al\u00e1\u00edr\u00e1s, az AVDH<\/h2>\n\n\n\n<p><br>A Magyarorsz\u00e1gon j\u00f3 n\u00e9h\u00e1ny \u00e9ve el\u00e9rhet\u0151 <strong>\u00dcgyf\u00e9lkapu rendszerben <\/strong>sz\u00e1mos hivatali \u00fcgyet el lehet int\u00e9zni. Kev\u00e9ss\u00e9 ismert, de ann\u00e1l hasznosabb funkci\u00f3j\u00e1val <strong>saj\u00e1t kez\u0171 al\u00e1\u00edr\u00e1snak megfelel\u0151 igazol\u00e1s<\/strong> biggyeszthet\u0151 b\u00e1rmilyen pdf form\u00e1tum\u00fa dokumentumra, szerz\u0151d\u00e9sre.<\/p>\n\n\n\n<p>Egy c\u00e9g \u00fcgyvezet\u0151je, mint a jogi szem\u00e9ly k\u00e9pvisel\u0151je \u00e1ltal v\u00e9gzett digit\u00e1lis al\u00e1\u00edr\u00e1s a c\u00e9g jognyilatkozat\u00e1nak tekinthet\u0151.<\/p>\n\n\n\n<p>Az elektronikus al\u00e1\u00edr\u00e1s lehet\u0151s\u00e9ge a magyarorszag.hu fel\u00fcleten a \u201eHiteles\u00edt\u00e9s\u201d becen\u00e9vre hallgat\u00f3 men\u00fcpontban \u00e9rhet\u0151 el jelenleg: <a href=\"https:\/\/magyarorszag.hu\/szuf_avdh_feltoltes\">https:\/\/magyarorszag.hu\/szuf_avdh_feltoltes<\/a>. A Hiteles\u00edt\u00e9s, teljes nev\u00e9n <strong>Azonos\u00edt\u00e1sra Visszavezetett Dokumentumhiteles\u00edt\u00e9s szolg\u00e1ltat\u00e1s (AVDH) <\/strong>azok sz\u00e1m\u00e1ra \u00e9rhet\u0151 el, akik elfogadj\u00e1k a szolg\u00e1ltat\u00e1s \u00c1SZF-\u00e9t \u00e9s rendelkeznek \u00dcgyf\u00e9lkapu hozz\u00e1f\u00e9r\u00e9ssel.<br><\/p>\n\n\n\n<div class=\"wp-block-image img-fluid\"><figure class=\"alignright size-large\"><img loading=\"lazy\" decoding=\"async\" width=\"587\" height=\"452\" src=\"https:\/\/atw.hu\/blog\/wp-content\/uploads\/2020\/12\/atw-digitalis-alairas-avdh.jpg\" alt=\"\" class=\"wp-image-294\"\/><\/figure><\/div>\n\n\n\n<p>A hiteles\u00edt\u00e9sre felt\u00f6lt\u00f6tt pdf dokumentum a K\u00f6zponti Azonos\u00edt\u00e1si \u00dcgyn\u00f6k ellen\u0151rz\u00e9s\u00e9t k\u00f6vet\u0151en egy meghatalmazo.xml mell\u00e9klettel lesz ell\u00e1tva. Ezt k\u00f6vet\u0151en az &#8222;al\u00e1\u00edrt&#8221; f\u00e1jlt le lehet t\u00f6lteni, vagy elk\u00fcldeni egy megadott e-mail c\u00edmre. <\/p>\n\n\n\n<p>A pdf mell\u00e9klete voltak\u00e9ppen egy igazol\u00e1s, ami az elektronikus \u00fcgyint\u00e9z\u00e9s r\u00e9szletszab\u00e1lyair\u00f3l sz\u00f3l\u00f3 korm\u00e1nyrendeletre \u00e9s a polg\u00e1ri perrendtart\u00e1sr\u00f3l sz\u00f3l\u00f3 t\u00f6rv\u00e9nyre hivatkozva igazolja, hogy a dokumentum hiteles\u00edt\u00e9s\u00e9t az \u00dcgyf\u00e9lkapun bejelentkezett \u00e9s azonos\u00edtott \u00fcgyf\u00e9l az adott id\u0151pillanatban elv\u00e9gezte.<\/p>\n\n\n\n<p>Persze mindez csak <strong>akkor lesz \u00e9rv\u00e9nyes, hogyha az igazol\u00e1son szerepl\u0151 \u00fcgyf\u00e9l adatai ugyan\u00fagy szerepelnek az eredeti pdf-en is.<\/strong><\/p>\n\n\n\n<p>Ez\u00e9rt ha a c\u00e9g\u00fcnkkel val\u00f3 szerz\u0151d\u00e9sk\u00f6t\u00e9skor el\u0151nyben r\u00e9szes\u00edted a digit\u00e1lis al\u00e1\u00edr\u00e1st, akkor felt\u00e9tlen\u00fcl jelezd az \u00fcgyint\u00e9z\u0151nknek.<br><br><\/p>\n\n\n<h2>Mi\u00e9rt kell <mark>el\u0151re jelezni<\/mark> a digit\u00e1lis al\u00e1\u00edr\u00e1st?<p><\/p>\n<\/h2>\n\n\n<p>Saj\u00e1t kez\u0171 al\u00e1\u00edr\u00e1skor elegend\u0151 kevesebb <strong>szem\u00e9lyes adat felt\u00fcntet\u00e9se<\/strong> bizonyos dokumentumokon \u00e9s ok n\u00e9lk\u00fcl nem is k\u00edv\u00e1nunk a sz\u00fcks\u00e9gesn\u00e9l t\u00f6bb szem\u00e9lyes adat birtok\u00e1ba ker\u00fclni. Ez\u00e9rt a dokumentumokra csak akkor vezetj\u00fck fel az <strong>al\u00e1\u00edr\u00f3 sz\u00fclet\u00e9si nev\u00e9t, sz\u00fclet\u00e9si hely\u00e9t \u00e9s d\u00e1tum\u00e1t, valamint az \u00e9desanyja nev\u00e9t<\/strong>, hogyha az elengedhetetlen. P\u00e9ld\u00e1ul AVDH hiteles\u00edt\u00e9s eset\u00e9n.<br><br><\/p>\n\n\n\n<h2 class=\"wp-block-heading\">Hogyan kell <mark>ellen\u0151rizni<\/mark> a digit\u00e1lisan al\u00e1\u00edrt dokumentumot?<br><br><\/h2>\n\n\n\n<div class=\"wp-block-image img-fluid\"><figure class=\"alignright size-large\"><img loading=\"lazy\" decoding=\"async\" width=\"387\" height=\"145\" src=\"https:\/\/atw.hu\/blog\/wp-content\/uploads\/2020\/12\/atw-avdh-sign.jpg\" alt=\"\" class=\"wp-image-295\"\/><\/figure><\/div>\n\n\n\n<p>A legt\u00f6bb pdf olvas\u00f3 sz\u00e9pen mutatja a dokumentum jobb fels\u0151 sark\u00e1ban a jelet, miszerint a dokumentum digit\u00e1lis al\u00e1\u00edr\u00e1ssal lett ell\u00e1tva. Ez m\u00e1r f\u00e9l siker. <\/p>\n\n\n\n<p>Hogyha biztos akarsz lenni abban, hogy a <strong>hiteles\u00edtett dokumentum<\/strong>ot el fogja fogadni a m\u00e1sik f\u00e9l, akkor mindenk\u00e9pp ellen\u0151rizni kell, hogy az <strong>al\u00e1\u00edrand\u00f3 pdf dokumentumon szerepl\u0151 \u00fcgyf\u00e9ladatok megegyeznek-e a hiteles\u00edt\u0151 igazol\u00e1son szerepl\u0151 \u00fcgyf\u00e9ladatokkal.<\/strong><\/p>\n\n\n\n<p>Sajnos azonban <strong>az igazol\u00e1s adattartalm\u00e1t nem mindegyik szoftverrel lehet megn\u00e9zni<\/strong> <em>(Szerk. megj.: a cikk \u00edr\u00e1sakor)!<\/em><\/p>\n\n\n\n<p>Az adattartalom ellen\u0151rz\u00e9s\u00e9re <strong>megfelel\u0151 eszk\u00f6z<\/strong> p\u00e9ld\u00e1ul az ingyenes <strong>Adobe Acrobat Reader<\/strong>, vagy a <strong>Mozilla Firefox <\/strong>b\u00f6ng\u00e9sz\u0151program be\u00e9p\u00edtett pdf megjelen\u00edt\u0151je. B\u00e1rmilyen szoftvert haszn\u00e1lsz, a lehet\u0151s\u00e9get \u00e9rdemes a bal fels\u0151 sarokban keresni el\u0151sz\u00f6r.<\/p>\n\n\n\n<p>\u00c1ltal\u00e1ban a pdf olvas\u00f3k bal oldali men\u00fcs\u00e1vj\u00e1ban \u00e9rhet\u0151k el a pdf mell\u00e9kletei. A mell\u00e9kletek egyezm\u00e9nyes jele a gemkapocs, teh\u00e1t a gemkapocs alak\u00fa ikonra kell kattintani a mell\u00e9kletek (csatolm\u00e1nyok) list\u00e1z\u00e1s\u00e1hoz. <\/p>\n\n\n\n<div class=\"wp-block-image my-5 img-fluid\"><figure class=\"aligncenter size-large\"><img loading=\"lazy\" decoding=\"async\" width=\"827\" height=\"465\" src=\"https:\/\/atw.hu\/blog\/wp-content\/uploads\/2020\/12\/atw-digitalis-alairas-mellekletek-adobe-acrobat-reader.jpg\" alt=\"\" class=\"wp-image-292\" title=\"\"\/><\/figure><\/div>\n\n\n\n<p>Ha minden j\u00f3l megy, akkor egy <strong>digit\u00e1lisan al\u00e1\u00edrt pdf<\/strong>-ben a digit\u00e1lisan al\u00e1\u00edr\u00f3k sz\u00e1m\u00e1nak megfelel\u0151 sz\u00e1m\u00fa mell\u00e9klet lesz el\u00e9rhet\u0151. A mell\u00e9klet \u2013 jelen esetben az igazol\u00e1s &#8211; nev\u00e9re kattintva az egy \u00faj ablakban fog megny\u00edlni, \u00edgy az adattartalom k\u00f6nnyen \u00f6sszevethet\u0151 a k\u00e9t okiraton.<\/p>\n\n\n\n<div class=\"wp-block-image my-5 img-fluid\"><figure class=\"aligncenter size-large\"><img loading=\"lazy\" decoding=\"async\" width=\"838\" height=\"409\" src=\"https:\/\/atw.hu\/blog\/wp-content\/uploads\/2020\/12\/atw-digitalis-alairas-mellekletek-2-adobe-acrobat-reader.jpg\" alt=\"\" class=\"wp-image-293\" title=\"\"\/><\/figure><\/div>\n\n\n\n<p>C\u00e9gek k\u00f6z\u00f6tti szerz\u0151d\u00e9skor ilyenkor is elv\u00e1rhat\u00f3 a k\u00e9pviseletre jogosult szem\u00e9ly  hat\u00e1lyos al\u00e1\u00edr\u00e1si c\u00edmp\u00e9ld\u00e1ny\u00e1nak csatol\u00e1sa. Ez ugyancsak meger\u0151s\u00edti az igazol\u00e1son szerepl\u0151 adatokat.<\/p>\n\n\n\n<blockquote class=\"wp-block-quote is-layout-flow wp-block-quote-is-layout-flow\"><p>Hogyha az azonos\u00edtott \u00fcgyf\u00e9ladatok nem egyeznek meg vagy hi\u00e1nyosak, <br>akkor hi\u00e1ba van hiteles\u00edtett jelz\u00e9s a dokumentumon, <br>az m\u00e9gsem lesz elfogadhat\u00f3. <\/p><\/blockquote>\n\n\n\n<p>A val\u00f3tlan adatokat tartalmaz\u00f3 dokumentum jav\u00edt\u00e1s\u00e1r\u00f3l gondoskodni kell.<\/p>\n\n\n\n<p>Amennyiben az igazol\u00e1son tal\u00e1lhat\u00f3 adatok elavultak, akkor azok friss\u00edt\u00e9s\u00e9t a magyarorszag.hu \u00dcgyf\u00e9lkapuj\u00e1n kereszt\u00fcl lehet kezdem\u00e9nyezni. Hogyha az al\u00e1\u00edrand\u00f3 dokumentum adatai nem helyt\u00e1ll\u00f3ak vagy hi\u00e1nyosak, akkor a dokumentum ki\u00e1ll\u00edt\u00f3j\u00e1n\u00e1l kell \u00e9rdekl\u0151dni a sz\u00fcks\u00e9ges l\u00e9p\u00e9sek fel\u0151l.<\/p>\n\n\n\n<p>Eset\u00fcnkben e-mailben kell jelezni a val\u00f3s adatokat \u00e9s annak megfelel\u0151en k\u00e9rni a dokumentum helyesb\u00edt\u00e9s\u00e9t. Kiv\u00e9ve, hogyha a dokumentumot a weboldalunkr\u00f3l t\u00f6lt\u00f6tted le \u00e9s te magad t\u00f6lt\u00f6tted ki, mert ez esetben a jav\u00edt\u00e1st is el tudod v\u00e9gezni \ud83d\ude0a.<\/p>\n\n\n<p><style>.img-fluid img {max-width: 100%!important;height: auto;!important;}<\/style>\n<\/p>\n\n\n<style>\n.wp-block-image img {\n    height: auto;\n}\n<\/style>\n","protected":false},"excerpt":{"rendered":"<p>A t\u00e1vmunk\u00e1ban dolgoz\u00f3k k\u00f6r\u00e9ben egyre nagyobb az \u00e9rdekl\u0151d\u00e9s a pap\u00edrmentes, s\u0151t ink\u00e1bb a nyomtat\u00f3- \u00e9s szkennermentes \u00fcgyint\u00e9z\u00e9s ir\u00e1nt.<\/p>\n","protected":false},"author":2,"featured_media":327,"comment_status":"open","ping_status":"open","sticky":false,"template":"","format":"standard","meta":{"footnotes":""},"categories":[2],"tags":[35,31,32,33],"class_list":["post-288","post","type-post","status-publish","format-standard","has-post-thumbnail","hentry","category-hirek","tag-avdh","tag-digitalis-alairas","tag-elektronikus-alairas","tag-hitelesites"],"_links":{"self":[{"href":"https:\/\/atw.hu\/blog\/wp-json\/wp\/v2\/posts\/288","targetHints":{"allow":["GET"]}}],"collection":[{"href":"https:\/\/atw.hu\/blog\/wp-json\/wp\/v2\/posts"}],"about":[{"href":"https:\/\/atw.hu\/blog\/wp-json\/wp\/v2\/types\/post"}],"author":[{"embeddable":true,"href":"https:\/\/atw.hu\/blog\/wp-json\/wp\/v2\/users\/2"}],"replies":[{"embeddable":true,"href":"https:\/\/atw.hu\/blog\/wp-json\/wp\/v2\/comments?post=288"}],"version-history":[{"count":55,"href":"https:\/\/atw.hu\/blog\/wp-json\/wp\/v2\/posts\/288\/revisions"}],"predecessor-version":[{"id":885,"href":"https:\/\/atw.hu\/blog\/wp-json\/wp\/v2\/posts\/288\/revisions\/885"}],"wp:featuredmedia":[{"embeddable":true,"href":"https:\/\/atw.hu\/blog\/wp-json\/wp\/v2\/media\/327"}],"wp:attachment":[{"href":"https:\/\/atw.hu\/blog\/wp-json\/wp\/v2\/media?parent=288"}],"wp:term":[{"taxonomy":"category","embeddable":true,"href":"https:\/\/atw.hu\/blog\/wp-json\/wp\/v2\/categories?post=288"},{"taxonomy":"post_tag","embeddable":true,"href":"https:\/\/atw.hu\/blog\/wp-json\/wp\/v2\/tags?post=288"}],"curies":[{"name":"wp","href":"https:\/\/api.w.org\/{rel}","templated":true}]}}