{"id":633,"date":"2021-03-29T13:58:00","date_gmt":"2021-03-29T13:58:00","guid":{"rendered":"https:\/\/atw.hu\/blog\/?p=633"},"modified":"2021-04-21T07:43:33","modified_gmt":"2021-04-21T07:43:33","slug":"sose-legyen-aramszunet-a-szerverteremben","status":"publish","type":"post","link":"https:\/\/atw.hu\/blog\/sose-legyen-aramszunet-a-szerverteremben\/","title":{"rendered":"Megoldhat\u00f3, hogy sose legyen \u00e1ramsz\u00fcnet a szerverteremben?"},"content":{"rendered":"\n<p><span class=\"has-inline-color has-cyan-bluish-gray-color\">IGAZ T\u00d6RT\u00c9NET ALAPJ\u00c1N<\/span><br>A <a rel=\"noreferrer noopener\" href=\"https:\/\/atw.hu\/adatkozpont?blog=202103\" target=\"_blank\">dataland I.<\/a> adatk\u00f6zpontunk monitoring rendszere jelezte, hogy valami probl\u00e9ma ad\u00f3dott az \u00e1ramell\u00e1t\u00e1ssal. Az oper\u00e1tor meglep\u0151d\u00e9se csak egyetlen pillanatig tartott, hiszen egy\u00e9rtelm\u0171en l\u00e1tszott: <strong>\u00c1RAMSZ\u00dcNET VAN!<\/strong> P\u00e1nik helyett r\u00f6gt\u00f6n felpattant \u00e9s teljes higgadts\u00e1ggal, c\u00e9ltudatosan elkezdte v\u00e9grehajtani a v\u00e9szhelyzeti forgat\u00f3k\u00f6nyvet, mert <strong><a rel=\"noreferrer noopener\" href=\"https:\/\/atw.hu\/szerver-hosting?blog=202103\" target=\"_blank\">a szerverteremben<\/a> ilyenkor sem \u00e1llhat meg az \u00e9let<\/strong>.<\/p>\n\n\n\n<figure class=\"wp-block-image size-large\"><img loading=\"lazy\" decoding=\"async\" width=\"1200\" height=\"445\" src=\"https:\/\/atw.hu\/blog\/wp-content\/uploads\/2021\/04\/202103-soha-ne-legyen-aramszunet-az-adatkozpontban.jpg\" alt=\"\" class=\"wp-image-666\"\/><\/figure>\n\n\n\n<p><a href=\"https:\/\/atw.hu\/adatkozpont?blog=202103\" target=\"_blank\" rel=\"noreferrer noopener\">Adatk\u00f6zpont<\/a>unkban az \u00e1ramsz\u00fcneti protokoll tulajdonk\u00e9ppen teljesen automatiz\u00e1lt, g\u00e9pek gondoskodnak mindenr\u0151l. <\/p>\n\n\n\n<blockquote class=\"wp-block-quote is-layout-flow wp-block-quote-is-layout-flow\"><p>Az oper\u00e1tor legfontosabb feladata ilyenkor (is) a g\u00e9pek megfelel\u0151 m\u0171k\u00f6d\u00e9s\u00e9nek ellen\u0151rz\u00e9se \u00e9s az ahhoz sz\u00fcks\u00e9ges felt\u00e9telek megteremt\u00e9se.<\/p><\/blockquote>\n\n\n\n<div class=\"wp-block-image\"><figure class=\"alignright size-large\"><img loading=\"lazy\" decoding=\"async\" width=\"350\" height=\"350\" src=\"https:\/\/atw.hu\/blog\/wp-content\/uploads\/2021\/04\/ups-2-1.jpg\" alt=\"\" class=\"wp-image-653\"\/><\/figure><\/div>\n\n\n\n<p>H\u0151s oper\u00e1torunk els\u0151 \u00fatja teh\u00e1t a szerverterembe vezetett, ahol a visszajelz\u0151 l\u00e1mpa ugyancsak a h\u00e1l\u00f3zati \u00e1ram hi\u00e1ny\u00e1ra figyelmeztette. Megbizonyosodott az <strong>UPS<\/strong>-ek hib\u00e1tlan m\u0171k\u00f6d\u00e9s\u00e9r\u0151l \u00e9s azt is ellen\u0151rizte, hogy meddig tudj\u00e1k biztos\u00edtani <strong>a szerverek sz\u00fcnetmentes \u00e1ramell\u00e1t\u00e1s\u00e1t<\/strong>. Ez \u00e1tlagosan 30 perc szokott lenni \u00e9s most sem volt m\u00e1sk\u00e9pp. <\/p>\n\n\n\n<p>F\u00e9l \u00f3ra nem kev\u00e9s, de sietni kell, mert ebben az \u00e1tmeneti id\u0151szakban kiz\u00e1r\u00f3lag a szerverek \u00e1ramell\u00e1t\u00e1sa biztos\u00edtott. Minden m\u00e1s \u00e1ramfogyaszt\u00f3 berendez\u00e9s \u2013 \u00edgy p\u00e9ld\u00e1ul a kl\u00edma is lekapcsol, hiszen a legkiv\u00e1l\u00f3bb UPS-ek sem birk\u00f3znak meg minden terhel\u00e9ssel. Ez\u00e9rt nagyon fontos, hogy <strong>a lehet\u0151 leggyorsabban \u00e1tvegye az \u00e1ramell\u00e1t\u00e1st a gener\u00e1torunk<\/strong>. Mivel a szerverteremben minden rendben zajlott, az oper\u00e1torunk \u00e1tszaladt a gener\u00e1tor helyis\u00e9gbe, hogy ezt a l\u00e9p\u00e9st is fel\u00fcgyelni tudja.<\/p>\n\n\n\n<div style=\"height:20px\" aria-hidden=\"true\" class=\"wp-block-spacer\"><\/div>\n\n\n\n<div class=\"wp-block-image\"><figure class=\"alignleft size-large\"><img loading=\"lazy\" decoding=\"async\" width=\"350\" height=\"350\" src=\"https:\/\/atw.hu\/blog\/wp-content\/uploads\/2021\/04\/magnes-2.jpg\" alt=\"\" class=\"wp-image-655\"\/><\/figure><\/div>\n\n\n\n<p>Ilyenkor az <strong>automatikus \u00e1tkapcsol\u00f3 elind\u00edtja a gener\u00e1tort<\/strong> \u00e9s egy nagy m\u00e1gneskapcsol\u00f3 seg\u00edts\u00e9g\u00e9vel <strong>\u00e1t\u00e1ll\u00edtja a bet\u00e1pot<\/strong> az ELM\u0170 h\u00e1l\u00f3zat\u00e1r\u00f3l a gener\u00e1torra. Oper\u00e1torunk a gener\u00e1torvez\u00e9rl\u0151n azonnal l\u00e1tta, hogy ez a folyamat is sikeresen elindult. Amikor a gener\u00e1tor \u00e1tvette a terhel\u00e9st, <strong>l\u00e1tsz\u00f3lag m\u00e1ris helyre\u00e1llt a rend<\/strong>: lett vil\u00e1g\u00edt\u00e1s, m\u0171k\u00f6d\u00f6tt a kl\u00edma is \u00e9s minden m\u00e1s elektromos berendez\u00e9s is. De ezzel ugyeb\u00e1r az \u00e1ramsz\u00fcnetnek m\u00e9g nem volt v\u00e9ge.<\/p>\n\n\n\n<p>Az oper\u00e1tor biztos, ami biztos, megn\u00e9zte a gener\u00e1tor \u00fczemanyagszintj\u00e9t \u00e9s az most is majdnem tele volt. A gener\u00e1torr\u00f3l val\u00f3 \u00fczemel\u00e9st \u00edgy ak\u00e1r 12 \u00f3r\u00e1ig is fenn lehet tartani. Ha pedig m\u00e9g t\u00f6bb id\u0151re lenne sz\u00fcks\u00e9g, akkor a szerz\u0151d\u00f6tt partner\u00fcnk sz\u00e1ll\u00edtja az \u00fczemanyag ut\u00e1np\u00f3tl\u00e1st.<\/p>\n\n\n\n<div style=\"height:20px\" aria-hidden=\"true\" class=\"wp-block-spacer\"><\/div>\n\n\n\n<p class=\"has-text-align-center\"><em>Egy\u00e9bk\u00e9nt minden h\u00e9ten \u00fczemtesztet tartunk, ez az oka annak, hogy a rendszer ilyen g\u00f6rd\u00fcl\u00e9kenyen m\u0171k\u00f6d\u00f6tt most is!<\/em><br><em>A hibalehet\u0151s\u00e9g \u00edgy szinte kiz\u00e1rt.<\/em><\/p>\n\n\n\n<div style=\"height:20px\" aria-hidden=\"true\" class=\"wp-block-spacer\"><\/div>\n\n\n\n<div class=\"wp-block-image\"><figure class=\"alignright size-large\"><img loading=\"lazy\" decoding=\"async\" width=\"350\" height=\"350\" src=\"https:\/\/atw.hu\/blog\/wp-content\/uploads\/2021\/04\/kanna.jpg\" alt=\"\" class=\"wp-image-658\"\/><\/figure><\/div>\n\n\n\n<p>Mivel a rendszer stabilan m\u0171k\u00f6d\u00f6tt, az oper\u00e1tor k\u00f6zben egyeztetett a h\u00e1zkezel\u0151vel \u00e9s az ELM\u0170-vel a hiba jelleg\u00e9r\u0151l \u00e9s a v\u00e1rhat\u00f3 elh\u00e1r\u00edt\u00e1s idej\u00e9r\u0151l. Sejt\u00e9se beigazol\u00f3dott: a munkaidej\u00e9nek jelent\u0151s r\u00e9sze <strong>az \u00fczemanyagszint folyamatos ellen\u0151rz\u00e9s<\/strong>\u00e9vel fog telni. M\u00e9g szerencse, hogy a gener\u00e1tort menet k\u00f6zben is lehetne tankolni! <\/p>\n\n\n\n<p class=\"has-text-align-left\">Amikor v\u00e9gre visszaj\u00f6tt az \u00e1ram, 1-2 percnyi \u00fczembiztos \u00e1ramszolg\u00e1ltat\u00e1s eltelt\u00e9vel <strong>a rendszer automatikusan visszakapcsolt a h\u00e1l\u00f3zatra \u00e9s le\u00e1ll\u00edtotta a gener\u00e1tort<\/strong>. Az oper\u00e1tor fell\u00e9legzett, de a feladata ezzel m\u00e9g nem \u00e9rt v\u00e9get: ellen\u0151rizte az UPS-ek logjait, a szervereket \u00e9s nem utols\u00f3 sorban gondoskodott a gener\u00e1tor tankj\u00e1nak felt\u00f6ltet\u00e9s\u00e9r\u0151l.<\/p>\n\n\n\n<p>Ugye milyen j\u00f3 a <a href=\"https:\/\/atw.hu\/szerver-hosting?blog=202103\">sz\u00fcnetmentesen m\u0171k\u00f6d\u0151 szerver-hosting szolg\u00e1ltat\u00e1s<\/a>?<\/p>\n\n\n\n<p><\/p>\n\n\n\n<style>\n.wp-block-image img {\n    height: auto;\n}\n<\/style>\n","protected":false},"excerpt":{"rendered":"<p>Ha az adatk\u00f6zpontunk monitoring rendszere \u00e1ramsz\u00fcnetet jelez, akkor azonnal \u00e9letbe l\u00e9p a v\u00e9szhelyzeti forgat\u00f3k\u00f6nyv. \u00cdgy a szerverteremben ilyenkor sem \u00e1ll meg az \u00e9let!<\/p>\n","protected":false},"author":2,"featured_media":643,"comment_status":"open","ping_status":"open","sticky":false,"template":"","format":"standard","meta":{"footnotes":""},"categories":[3],"tags":[53,11,54],"class_list":["post-633","post","type-post","status-publish","format-standard","has-post-thumbnail","hentry","category-szakmazas","tag-adatkozpont","tag-szerver-hosting","tag-szerverterem"],"_links":{"self":[{"href":"https:\/\/atw.hu\/blog\/wp-json\/wp\/v2\/posts\/633","targetHints":{"allow":["GET"]}}],"collection":[{"href":"https:\/\/atw.hu\/blog\/wp-json\/wp\/v2\/posts"}],"about":[{"href":"https:\/\/atw.hu\/blog\/wp-json\/wp\/v2\/types\/post"}],"author":[{"embeddable":true,"href":"https:\/\/atw.hu\/blog\/wp-json\/wp\/v2\/users\/2"}],"replies":[{"embeddable":true,"href":"https:\/\/atw.hu\/blog\/wp-json\/wp\/v2\/comments?post=633"}],"version-history":[{"count":41,"href":"https:\/\/atw.hu\/blog\/wp-json\/wp\/v2\/posts\/633\/revisions"}],"predecessor-version":[{"id":728,"href":"https:\/\/atw.hu\/blog\/wp-json\/wp\/v2\/posts\/633\/revisions\/728"}],"wp:featuredmedia":[{"embeddable":true,"href":"https:\/\/atw.hu\/blog\/wp-json\/wp\/v2\/media\/643"}],"wp:attachment":[{"href":"https:\/\/atw.hu\/blog\/wp-json\/wp\/v2\/media?parent=633"}],"wp:term":[{"taxonomy":"category","embeddable":true,"href":"https:\/\/atw.hu\/blog\/wp-json\/wp\/v2\/categories?post=633"},{"taxonomy":"post_tag","embeddable":true,"href":"https:\/\/atw.hu\/blog\/wp-json\/wp\/v2\/tags?post=633"}],"curies":[{"name":"wp","href":"https:\/\/api.w.org\/{rel}","templated":true}]}}