{"id":692,"date":"2021-04-19T08:34:36","date_gmt":"2021-04-19T08:34:36","guid":{"rendered":"https:\/\/atw.hu\/blog\/?p=692"},"modified":"2021-04-21T07:32:00","modified_gmt":"2021-04-21T07:32:00","slug":"mi-kell-a-weboldalhoz","status":"publish","type":"post","link":"https:\/\/atw.hu\/blog\/mi-kell-a-weboldalhoz\/","title":{"rendered":"Mi kell a weboldalhoz?"},"content":{"rendered":"\n<p>Amikor megk\u00e9rdezz\u00fck valakit\u0151l, hogy mi a weboldala, akkor arra egy <a href=\"https:\/\/atw.hu\/domain-regisztracio?blog=202104\">domain n\u00e9v<\/a> lesz a v\u00e1lasz. Tal\u00e1n ez az oka annak, hogy laikusk\u00e9nt nem mindig \u00e1ll \u00f6ssze a k\u00e9p egy weboldal h\u00e1tter\u00e9vel kapcsolatban \u00e9s el\u0151fordul, hogy m\u00e1r a domain n\u00e9v megv\u00e1s\u00e1rl\u00e1sakor sz\u00e1m\u00edtanak a weboldalra is. Pedig ez nem ilyen egyszer\u0171 \ud83d\ude42<\/p>\n\n\n\n<p>Mindenre valamilyen n\u00e9vvel hivatkozunk, \u00edgy egy weboldalra p\u00e9ld\u00e1ul a <a href=\"https:\/\/atw.hu\/domain-regisztracio?blog=202104\">domain n\u00e9v<\/a>vel. De a megnevez\u00e9s t\u00f6bbnyire egy \u00f6sszetett dolgot jelent.<\/p>\n\n\n\n<figure class=\"wp-block-image size-large\"><img loading=\"lazy\" decoding=\"async\" width=\"1200\" height=\"445\" src=\"https:\/\/atw.hu\/blog\/wp-content\/uploads\/2021\/04\/202104-mi-kell-a-weboldalhoz-1.jpg\" alt=\"\" class=\"wp-image-721\"\/><\/figure>\n\n\n\n<p>Weboldal eset\u00e9ben: a domain n\u00e9v m\u00f6g\u00f6tt ott van m\u00e9g egy webt\u00e1rhely is, ahol a weboldal forr\u00e1sk\u00f3dja \u00e9s a tartalma kap helyet. Hab\u00e1r ezt is tov\u00e1bb lehetne r\u00e9szletezni, de kezdetnek ink\u00e1bb \u00e9rtelmezz\u00fck azt, hogy ki kicsoda ebben a n\u00e9gyes fel\u00e1ll\u00e1sban.<\/p>\n\n\n\n<h2 class=\"wp-block-heading\" id=\"domain\">1.) Weboldal neve \u2013 domain<\/h2>\n\n\n\n<p>A weboldal nev\u00e9t vagy m\u00e1s n\u00e9ven c\u00edm\u00e9t, sz\u00f3val amivel hivatkozunk r\u00e1 az a <a href=\"https:\/\/atw.hu\/domain-regisztracio?blog=202104\">domain n\u00e9v<\/a>, amit fentebb m\u00e1r kit\u00e1rgyaltunk. Tulajdonk\u00e9ppen semmi m\u00e1s szerepe nincs, minthogy nev\u00e9n tudjuk nevezni a weboldalt.<\/p>\n\n\n\n<p><strong>Hogyan szerezhetsz domain nevet?<\/strong><br>Domain v\u00e1s\u00e1rl\u00e1shoz hivatalos <a href=\"https:\/\/atw.hu\/domain-regisztracio?blog=202104\">domain regisztr\u00e1tor<\/a>t keress meg, p\u00e9ld\u00e1ul minket. \ud83d\ude0a<\/p>\n\n\n\n<h2 class=\"wp-block-heading\" id=\"tarhely\">2.) Weboldal t\u00e1rhelye \u2013 hosting<\/h2>\n\n\n\n<p>A <a href=\"https:\/\/atw.hu\/tarhely?blog=202104\">webt\u00e1rhely<\/a> neve gy\u00f6ny\u00f6r\u0171en utal a funkci\u00f3j\u00e1ra: t\u00e1rol\u00e1sra szolg\u00e1l, ezzel lehet elhelyezni \u00e9s el\u00e9rhet\u0151v\u00e9 tenni bizonyos adatokat a vil\u00e1gh\u00e1l\u00f3n. A weboldalhoz kapcsol\u00f3d\u00f3 bizonyos adatokr\u00f3l pedig a k\u00f6vetkez\u0151 bekezd\u00e9sek fognak sz\u00f3lni.<\/p>\n\n\n\n<p><strong>Hogyan szerezhetsz webt\u00e1rhelyet?<\/strong><br>Webt\u00e1rhely szolg\u00e1ltat\u00e1st a t\u00e1rhely szolg\u00e1ltat\u00f3k, m\u00e1s n\u00e9ven hosting c\u00e9gek ny\u00fajtanak. \u00c9rdemes olyan szolg\u00e1ltat\u00f3t v\u00e1lasztani, ahol a <a href=\"https:\/\/atw.hu\/domain-regisztracio?blog=202104\">domain<\/a> \u00e9s a <a href=\"https:\/\/atw.hu\/tarhely?blog=202104\">t\u00e1rhely szolg\u00e1ltat\u00e1s<\/a> egyszerre ig\u00e9nybe vehet\u0151 \u2013 mint p\u00e9ld\u00e1ul n\u00e1lunk. \ud83d\ude0a<\/p>\n\n\n\n<h2 class=\"wp-block-heading\" id=\"motor\">3.) Weboldal motorja &#8211; forr\u00e1sk\u00f3d<\/h2>\n\n\n\n<p>A forr\u00e1sk\u00f3d, vagy k\u00e9pletesebb nev\u00e9n a weboldal motorja teszi lehet\u0151v\u00e9 azt, hogy a weboldal l\u00e1that\u00f3v\u00e1 \u00e9s m\u0171k\u00f6d\u0151v\u00e9 v\u00e1ljon. Megjelen\u00edti a tartalmat (<a href=\"#tartalom\">l\u00e1sd k\u00e9s\u0151bb<\/a>) \u00e9s biztos\u00edtja, hogy ide-oda lehessen benne kattintgatni, aminek hat\u00e1s\u00e1ra \u00fajabb \u00e9s \u00fajabb tartalmak jelennek meg.<\/p>\n\n\n\n<p><strong>Honnan lesz forr\u00e1sk\u00f3dod?<\/strong><br>Na, ez m\u00e1r egy k\u00fcl\u00f6n szakma. Ha szuper weboldalt szeretn\u00e9l, akkor az elk\u00e9sz\u00edt\u00e9s\u00e9vel \u00e9rdemes megb\u00edzni egy ig\u00e9nyes webfejleszt\u0151t vagy lehet k\u00e9sz megold\u00e1sokat v\u00e1lasztani (pl. WordPress), de ne lep\u0151dj meg, ha v\u00e9g\u00fcl m\u00e9gis egy fejleszt\u0151 sz\u00e1rnyai alatt k\u00f6tsz ki. \ud83d\ude0a<\/p>\n\n\n\n<h2 class=\"wp-block-heading\" id=\"tartalom\">4.) Weboldal tartalma \u2013 kontent<\/h2>\n\n\n\n<p>A tartalom annak a sok-sok sz\u00f6vegnek az \u00f6sszess\u00e9ge, amelyek egy weboldalon olvashat\u00f3k. De ebbe a kateg\u00f3ri\u00e1ba tartoznak a f\u00e9nyk\u00e9pek vagy vide\u00f3k is, amiket meg lehet n\u00e9zni \u00e9s inform\u00e1ci\u00f3t ny\u00fajtanak a weboldal l\u00e1togat\u00f3j\u00e1nak.<\/p>\n\n\n\n<p><strong>Hogyan lesz tartalmad?<\/strong><br>A weboldal tartalm\u00e1t a weboldal tulajdonos\u00e1nak illik le\u00edrni, de az \u00fct\u0151s sz\u00f6vegek megfogalmaz\u00e1s\u00e1t \u00e9s l\u00e1tv\u00e1nyos illusztr\u00e1ci\u00f3k k\u00e9sz\u00edt\u00e9s\u00e9t is r\u00e1b\u00edzhatod a megfelel\u0151 tartalomgy\u00e1rt\u00f3 szakemberekre. \ud83d\ude0a<\/p>\n\n\n\n<blockquote class=\"wp-block-quote is-layout-flow wp-block-quote-is-layout-flow\"><p>A weboldalhoz teh\u00e1t n\u00e9gy dolog sz\u00fcks\u00e9ges.<\/p><\/blockquote>\n\n\n\n<p>\u00d6sszess\u00e9g\u00e9ben m\u0171k\u00f6d\u0151 weboldalr\u00f3l akkor lehet besz\u00e9lni, hogyha <strong>egy <span class=\"has-inline-color has-vivid-red-color\"><a href=\"https:\/\/atw.hu\/domain-regisztracio?blog=202104\"><sup>1) <\/sup>domain<\/a><\/span> n\u00e9v megtekint\u00e9sekor az egy l\u00e9tez\u0151 <span class=\"has-inline-color has-vivid-red-color\"><a href=\"https:\/\/atw.hu\/tarhely?blog=202104\"><sup>2)<\/sup> webt\u00e1rhely<\/a><\/span>re van ir\u00e1ny\u00edtva, ahol a weboldal <\/strong><span class=\"has-inline-color has-vivid-red-color\"><a href=\"#motor\"><strong><strong><sup>3)<\/sup><\/strong><\/strong> <strong>motor<\/strong><\/a><\/span><strong>ja gondoskodik valamilyen <span class=\"has-inline-color has-vivid-red-color\"><a href=\"#tartalom\"><sup>4)<\/sup> tartalom<\/a><\/span> megjelen\u00edt\u00e9s\u00e9r\u0151l.<\/strong><\/p>\n\n\n\n<style>\n.wp-block-image img {\n    height: auto;\n}\n<\/style>\n","protected":false},"excerpt":{"rendered":"<p>Amikor megk\u00e9rdezz\u00fck valakit\u0151l, hogy mi a weboldala, akkor arra egy domain n\u00e9v lesz a v\u00e1lasz. De ez az\u00e9Rt nem ilyen egyszer\u0171, a domain n\u00e9ven k\u00edv\u00fcl m\u00e9g h\u00e1rom dologra sz\u00fcks\u00e9g van!<\/p>\n","protected":false},"author":2,"featured_media":721,"comment_status":"open","ping_status":"open","sticky":false,"template":"","format":"standard","meta":{"footnotes":""},"categories":[3],"tags":[29,12,6],"class_list":["post-692","post","type-post","status-publish","format-standard","has-post-thumbnail","hentry","category-szakmazas","tag-domain","tag-weboldal","tag-webtarhely"],"_links":{"self":[{"href":"https:\/\/atw.hu\/blog\/wp-json\/wp\/v2\/posts\/692","targetHints":{"allow":["GET"]}}],"collection":[{"href":"https:\/\/atw.hu\/blog\/wp-json\/wp\/v2\/posts"}],"about":[{"href":"https:\/\/atw.hu\/blog\/wp-json\/wp\/v2\/types\/post"}],"author":[{"embeddable":true,"href":"https:\/\/atw.hu\/blog\/wp-json\/wp\/v2\/users\/2"}],"replies":[{"embeddable":true,"href":"https:\/\/atw.hu\/blog\/wp-json\/wp\/v2\/comments?post=692"}],"version-history":[{"count":28,"href":"https:\/\/atw.hu\/blog\/wp-json\/wp\/v2\/posts\/692\/revisions"}],"predecessor-version":[{"id":726,"href":"https:\/\/atw.hu\/blog\/wp-json\/wp\/v2\/posts\/692\/revisions\/726"}],"wp:featuredmedia":[{"embeddable":true,"href":"https:\/\/atw.hu\/blog\/wp-json\/wp\/v2\/media\/721"}],"wp:attachment":[{"href":"https:\/\/atw.hu\/blog\/wp-json\/wp\/v2\/media?parent=692"}],"wp:term":[{"taxonomy":"category","embeddable":true,"href":"https:\/\/atw.hu\/blog\/wp-json\/wp\/v2\/categories?post=692"},{"taxonomy":"post_tag","embeddable":true,"href":"https:\/\/atw.hu\/blog\/wp-json\/wp\/v2\/tags?post=692"}],"curies":[{"name":"wp","href":"https:\/\/api.w.org\/{rel}","templated":true}]}}