{"id":934,"date":"2025-09-16T11:51:48","date_gmt":"2025-09-16T11:51:48","guid":{"rendered":"https:\/\/atw.hu\/blog\/?p=934"},"modified":"2025-09-16T11:51:48","modified_gmt":"2025-09-16T11:51:48","slug":"domain-regisztracio-avagy-miert-van-szukseg-nemzetkozi-domainekre-is","status":"publish","type":"post","link":"https:\/\/atw.hu\/blog\/domain-regisztracio-avagy-miert-van-szukseg-nemzetkozi-domainekre-is\/","title":{"rendered":"Domain regisztr\u00e1ci\u00f3, avagy mi\u00e9rt van sz\u00fcks\u00e9g nemzetk\u00f6zi domainekre is?"},"content":{"rendered":"\n<figure class=\"wp-block-image size-large\"><img loading=\"lazy\" decoding=\"async\" width=\"1024\" height=\"380\" src=\"https:\/\/atw.hu\/blog\/wp-content\/uploads\/2025\/12\/Untitled-image3-1024x380.png\" alt=\"\" class=\"wp-image-954\" srcset=\"https:\/\/atw.hu\/blog\/wp-content\/uploads\/2025\/12\/Untitled-image3-1024x380.png 1024w, https:\/\/atw.hu\/blog\/wp-content\/uploads\/2025\/12\/Untitled-image3-300x111.png 300w, https:\/\/atw.hu\/blog\/wp-content\/uploads\/2025\/12\/Untitled-image3-768x285.png 768w, https:\/\/atw.hu\/blog\/wp-content\/uploads\/2025\/12\/Untitled-image3.png 1200w\" sizes=\"auto, (max-width: 1024px) 100vw, 1024px\" \/><\/figure>\n\n\n\n<h3 class=\"wp-block-heading\"><strong>\u00c1ltal\u00e1nos<\/strong><\/h3>\n\n\n\n<p id=\"block-90c5270b-b6d0-4bd5-bfc4-8f13c5c4bc17\">Napjainkban az online jelenl\u00e9t elengedhetetlen tartoz\u00e9ka v\u00e1llalkoz\u00e1sunk, vagy saj\u00e1t szakmai utunk bemutat\u00e1sa c\u00e9lj\u00e1b\u00f3l. Term\u00e9szetesen els\u0151 k\u00f6rben mindenkinek a .hu domain jut esz\u00e9be regisztr\u00e1ci\u00f3kor, hiszen az orsz\u00e1ghat\u00e1ron bel\u00fcl val\u00f3 megjelen\u00e9s fontos szempont.<\/p>\n\n\n\n<p id=\"block-48aa2d4e-e5e2-418c-96ac-8e470eaf1aaf\"><br>Ugyanakkor megfigyelhet\u0151 trend lett, hogy a .hu domainek mell\u00e9 egy\u00e9b,<strong> nemzetk\u00f6zi, vagy \u00e1ltal\u00e1nos v\u00e9gz\u0151d\u00e9ssel (TLD m\u00e1s n\u00e9ven) <\/strong>is lefoglalj\u00e1k a v\u00e1lasztott neveket. Legyen sz\u00f3 <strong>.com, .eu<\/strong>, .info \u00e9s egy\u00e9b nevekr\u0151l, az ATW mindenben \u00e1ll rendelkez\u00e9s\u00e9re!<\/p>\n\n\n\n<h3 class=\"wp-block-heading\" id=\"block-9362101d-8ff9-41d7-a861-0c36c000cb9f\"><strong>Mi\u00e9rt is fontos, hogy t\u00f6bb l\u00e1bon \u00e1lljon a honlap?<\/strong><\/h3>\n\n\n\n<p id=\"block-f21c3ff0-2960-4185-a1c2-c6d96a1cf960\">Globaliz\u00e1lt vil\u00e1gunkban, ahol az inform\u00e1ci\u00f3 a pillanatok t\u00f6red\u00e9ke alatt terjed, elengedhetetlen, hogy sz\u00e9les k\u00f6rben el\u00e9rhet\u0151v\u00e9 v\u00e1ljon honlapunk. Amennyiben a v\u00e1llalkoz\u00e1s c\u00e9lcsoportja nemzetk\u00f6zi szinten is relev\u00e1ns, illetve a Magyarorsz\u00e1gon \u00e9l\u0151 k\u00fclf\u00f6ldieket is szeretn\u00e9nk megsz\u00f3l\u00edtani, \u00fagy gyakori, hogy a honlap t\u00f6bb nyelvre is leford\u00edt\u00e1sra ker\u00fcl.<\/p>\n\n\n\n<p id=\"block-621c92eb-8308-423f-ba91-d0d9ffaff49d\">Ehhez sok esetben az adott nyelvet haszn\u00e1l\u00f3 orsz\u00e1gok domain neveit rendelik meg az \u00fcgyfelek (.de &#8211; N\u00e9metorsz\u00e1g p\u00e9ld\u00e1ul). Ugyanakkor a <strong>.com<\/strong> \u00e9s a <strong>.eu<\/strong> domainek p\u00e9ld\u00e1ul rendk\u00edv\u00fcl \u00e1ltal\u00e1nos, de sz\u00e9les lefedetts\u00e9get biztos\u00edtanak, \u00edgy legyen ak\u00e1r egynyelv\u0171 vagy ak\u00e1r k\u00e9tnyelv\u0171 az oldal, a v\u00e1lasztott n\u00e9v ezen verzi\u00f3it mindenk\u00e9ppen \u00e9rdemes lefoglalni.&nbsp;<\/p>\n\n\n\n<p id=\"block-d747091e-1b74-4d81-973c-707e3038f0d8\">Ez seg\u00edt abban, hogy az oldalunkat t\u00f6bb csatorn\u00e1n \u00e1t is el\u00e9rj\u00e9k a l\u00e1togat\u00f3k, maga a c\u00e9lcsoport, illetve keres\u0151optimaliz\u00e1l\u00e1si szempontb\u00f3l ez egy alapvet\u0151 \u00e9s fontos l\u00e9p\u00e9s.<\/p>\n\n\n\n<h3 class=\"wp-block-heading\" id=\"block-8f893f44-c21e-4168-b703-220146cdae36\"><strong>Milyen neveket \u00e9rdemes lefoglalni m\u00e1s v\u00e9gz\u0151d\u00e9sekkel?<\/strong><\/h3>\n\n\n\n<p id=\"block-0a5fa3f6-f2e9-480d-b76c-fd931bca94b6\">Amennyiben p\u00e9ld\u00e1ul rendelkez\u00fcnk az \u201c<em>azendomainem.hu\u201d<\/em> domainnel, \u00fagy ennek a megfelel\u0151j\u00e9t \u00e9rdemes lefoglalni .com, .eu vagy egy\u00e9b TLD- vel is. Ezen fel\u00fcl (vagy ak\u00e1r ez helyett, ha sajnos foglalt a domain), annak \u00e9kezetes, \u00e9kezet n\u00e9lk\u00fcli (ragokkal megtoldott, k\u00f6t\u0151jeles \u00e9s an\u00e9lk\u00fcli verzi\u00f3it szoktuk javasolni legal\u00e1bb (vagy m\u00e1s nyelvre ford\u00edtott v\u00e1ltozatait), mint p\u00e9ld\u00e1ul az \u201c<em>az\u00e9ndomainem.hu<\/em>\u201d vagy az<em> \u201caz-en-domainem.hu<\/em>\u201d verzi\u00f3kat.<\/p>\n\n\n\n<h3 class=\"wp-block-heading\" id=\"block-082ab7a1-bb52-41d3-9f24-6cf79bc846f9\"><strong>Megrendel\u00e9st k\u00f6vet\u0151en mi a teend\u0151?<\/strong><\/h3>\n\n\n\n<p id=\"block-5ec3b315-c5ff-4f4a-9fa6-ee197e0988c7\">Amikor m\u00e1r megvannak a domainek, \u00fagy meg kell kezdeni a honlap kialak\u00edt\u00e1s\u00e1t egy <strong>webt\u00e1rhely <\/strong>seg\u00edts\u00e9g\u00e9vel. \u00c9rdemes kijel\u00f6lni a domainek k\u00f6z\u00fcl egy f\u0151 domaint (p\u00e9ld\u00e1ul azendomainem.hu) \u00e9s erre elk\u00e9sz\u00edteni a tartalmat.&nbsp;<\/p>\n\n\n\n<p id=\"block-2707b0c2-aeaa-4f4c-8262-e2898e021364\">Ha ez k\u00e9szen van, \u00fagy egy \u00e1tir\u00e1ny\u00edt\u00e1ssal el\u00e9rhet\u0151, hogy az \u00f6sszes domainen ugyanaz a tartalom jelenjen meg.<br>Ha esetleg a f\u0151domainen is el\u00e9rhet\u0151 t\u00f6bb nyelven az oldal, \u00fagy az is lehets\u00e9ges, hogy az adott nyelv\u0171 verzi\u00f3ra ir\u00e1ny\u00edtsuk \u00e1t az egy\u00e9b v\u00e9gz\u0151d\u00e9ssel b\u00edr\u00f3 domain neveinket. \u00cdgy p\u00e9ld\u00e1ul, ha n\u00e9met\u00fcl is el\u00e9rhet\u0151 az oldal, \u00fagy azt a verzi\u00f3t \u00e1t lehet ir\u00e1ny\u00edtani az azendomainem.de n\u00e9vre.<\/p>\n\n\n\n<h3 class=\"wp-block-heading\" id=\"block-0d920892-e2ae-47d8-a317-45393aa5e12b\"><strong>Hogyan v\u00e9gezhet\u0151 el az \u00e1tir\u00e1ny\u00edt\u00e1s?<\/strong><\/h3>\n\n\n\n<p id=\"block-dd273677-bbc6-4ddf-a8d6-78363d8c543f\">A domain \u00e1tir\u00e1ny\u00edt\u00e1sa lehet\u0151v\u00e9 teszi azt, hogy az egyik megl\u00e9v\u0151 domainen megjelen\u00edts\u00fck azt a tartalmat, ami egy m\u00e1sikon m\u00e1r el\u00e9rhet\u0151 (legyen sz\u00f3 a teljes tartalomr\u00f3l, puszt\u00e1n egy aloldalr\u00f3l, vagy ak\u00e1r annak egy\u00e9b nyelv\u0171 megfelel\u0151j\u00e9r\u0151l).<\/p>\n\n\n\n<p id=\"block-e735111f-1e3f-44e5-b44f-5718c3e53c6b\">Ennek a be\u00e1ll\u00edt\u00e1s\u00e1ra sokf\u00e9le m\u00f3d l\u00e9tezik, \u00e1m a legegyszer\u0171bben az ATW fi\u00f3kba bel\u00e9pve lehet elv\u00e9gezni azt, ha az a domain legal\u00e1bb ott tal\u00e1lhat\u00f3, amit szeretn\u00e9nk \u00e1tir\u00e1ny\u00edtani egy m\u00e1sikra. Err\u0151l a folyamatr\u00f3l itt olvashat b\u0151vebben.<br>Tov\u00e1bbi k\u00e9rd\u00e9s eset\u00e9n forduljon bizalommal <a rel=\"noreferrer noopener\" href=\"https:\/\/atw.hu\/kapcsolat\" target=\"_blank\">\u00dcgyf\u00e9lszolg\u00e1latunkhoz<\/a>!<\/p>\n","protected":false},"excerpt":{"rendered":"<p>Ebben a cikkben t\u00f6bbet tudhat meg arr\u00f3l, hogy mi\u00e9rt \u00e9rdemes egy domain nevet t\u00f6bbf\u00e9le v\u00e9gz\u0151d\u00e9ssel is lefoglalni. <\/p>\n","protected":false},"author":3,"featured_media":0,"comment_status":"closed","ping_status":"open","sticky":false,"template":"","format":"standard","meta":{"footnotes":""},"categories":[3],"tags":[29],"class_list":["post-934","post","type-post","status-publish","format-standard","hentry","category-szakmazas","tag-domain"],"_links":{"self":[{"href":"https:\/\/atw.hu\/blog\/wp-json\/wp\/v2\/posts\/934","targetHints":{"allow":["GET"]}}],"collection":[{"href":"https:\/\/atw.hu\/blog\/wp-json\/wp\/v2\/posts"}],"about":[{"href":"https:\/\/atw.hu\/blog\/wp-json\/wp\/v2\/types\/post"}],"author":[{"embeddable":true,"href":"https:\/\/atw.hu\/blog\/wp-json\/wp\/v2\/users\/3"}],"replies":[{"embeddable":true,"href":"https:\/\/atw.hu\/blog\/wp-json\/wp\/v2\/comments?post=934"}],"version-history":[{"count":4,"href":"https:\/\/atw.hu\/blog\/wp-json\/wp\/v2\/posts\/934\/revisions"}],"predecessor-version":[{"id":956,"href":"https:\/\/atw.hu\/blog\/wp-json\/wp\/v2\/posts\/934\/revisions\/956"}],"wp:attachment":[{"href":"https:\/\/atw.hu\/blog\/wp-json\/wp\/v2\/media?parent=934"}],"wp:term":[{"taxonomy":"category","embeddable":true,"href":"https:\/\/atw.hu\/blog\/wp-json\/wp\/v2\/categories?post=934"},{"taxonomy":"post_tag","embeddable":true,"href":"https:\/\/atw.hu\/blog\/wp-json\/wp\/v2\/tags?post=934"}],"curies":[{"name":"wp","href":"https:\/\/api.w.org\/{rel}","templated":true}]}}