{"id":938,"date":"2025-09-16T10:33:44","date_gmt":"2025-09-16T10:33:44","guid":{"rendered":"https:\/\/atw.hu\/blog\/?p=938"},"modified":"2025-09-16T10:33:44","modified_gmt":"2025-09-16T10:33:44","slug":"hogyan-vegezheto-el-a-domain-atiranyitas","status":"publish","type":"post","link":"https:\/\/atw.hu\/blog\/hogyan-vegezheto-el-a-domain-atiranyitas\/","title":{"rendered":"Hogyan v\u00e9gezhet\u0151 el a domain \u00e1tir\u00e1ny\u00edt\u00e1s?"},"content":{"rendered":"\n<h3 class=\"wp-block-heading\">\u00c1ltal\u00e1nos<\/h3>\n\n\n\n<p>A <a href=\"https:\/\/atw.hu\/domain-regisztracio\" data-type=\"URL\" data-id=\"https:\/\/atw.hu\/domain-regisztracio\" target=\"_blank\" rel=\"noreferrer noopener\">domain<\/a> \u00e1tir\u00e1ny\u00edt\u00e1s seg\u00edts\u00e9g\u00e9vel v\u00e9glegesen vagy ideiglenesen be lehet \u00e1ll\u00edtani, hogy az egyik domain n\u00e9ven (nevezz\u00fck \u201cA\u201d domainnek) ugyanaz jelenjen meg, mint a m\u00e1sikon (nevezz\u00fck \u201cB\u201d domainnek).<\/p>\n\n\n\n<p>A v\u00e9gleges (301- es t\u00edpus\u00fa) \u00e1tir\u00e1ny\u00edt\u00e1s azt jelenti, hogy a tartalom folyamatosan megjelenik a m\u00e1sik domain alatt, azaz \u00e1lland\u00f3.<\/p>\n\n\n\n<p>Az ideiglenes (302-es t\u00edpus\u00fa) \u00e1tir\u00e1ny\u00edt\u00e1s pedig azt jelenti, hogy bizonyos ideig \u00e1ll fenn csak a be\u00e1ll\u00edt\u00e1s.&nbsp;<\/p>\n\n\n\n<p>Ebben a cikkben ez el\u0151bbivel foglalkozunk, mert keres\u0151optimaliz\u00e1l\u00e1s szempontj\u00e1b\u00f3l is ez a m\u00e9rvad\u00f3bb.<\/p>\n\n\n\n<h3 class=\"wp-block-heading\"><strong>Az \u00e1lland\u00f3 \u00e1tir\u00e1ny\u00edt\u00e1s be\u00e1ll\u00edt\u00e1s\u00e1nak m\u00f3dozatai<\/strong><\/h3>\n\n\n\n<p>A k\u00f6vetkez\u0151kben k\u00e9tf\u00e9le m\u00f3dot mutatunk be, mellyel elv\u00e9gezhet\u0151 a be\u00e1ll\u00edt\u00e1s.<\/p>\n\n\n\n<h4 class=\"wp-block-heading\"><strong>1. Felhaszn\u00e1l\u00f3i fi\u00f3kon bel\u00fcl<\/strong><\/h4>\n\n\n\n<p>Ezen be\u00e1ll\u00edt\u00e1s el\u0151felt\u00e9tele, hogy az a domain legal\u00e1bb a felhaszn\u00e1l\u00f3i fi\u00f3kban legyen megtal\u00e1lhat\u00f3, amelyet <strong>\u00e1t szeretn\u00e9nk ir\u00e1ny\u00edtani <\/strong>egy m\u00e1sikra. A l\u00e9p\u00e9sek az al\u00e1bbiak:<\/p>\n\n\n\n<ul class=\"wp-block-list\"><li>bel\u00e9p\u00e9s az<strong> <\/strong><a rel=\"noreferrer noopener\" href=\"http:\/\/atw.hu\" target=\"_blank\"><strong>atw.hu<\/strong><\/a><strong> <\/strong>oldalon;<\/li><li><strong><a href=\"https:\/\/atw.hu\/domain-regisztracio\" data-type=\"URL\" data-id=\"https:\/\/atw.hu\/domain-regisztracio\" target=\"_blank\" rel=\"noreferrer noopener\">Domain<\/a> <\/strong>men\u00fcpont megnyit\u00e1s\u00e1t k\u00f6vet\u0151en keress\u00fck meg az <strong>\u00e1tir\u00e1ny\u00edtani k\u00edv\u00e1nt <\/strong>domain nevet;<\/li><li>kattintsunk a <strong>\u00c1tir\u00e1ny\u00edt\u00e1sok <\/strong>gombra;<\/li><li><strong>+ \u00daj \u00e1tir\u00e1ny\u00edt\u00e1s <\/strong>gomb;<\/li><li>a <strong>Rekord <\/strong>mez\u0151 \u00fcresen hagyhat\u00f3;<\/li><li><strong>C\u00e9l URL: <\/strong>m\u00e1soljuk ki azon oldal teljes URL c\u00edm\u00e9t, <strong>amelyre \u00e1tir\u00e1ny\u00edtjuk <\/strong>a domaint (p\u00e9ld\u00e1ul https:\/\/azendomainem.hu);<\/li><li>a <strong>Ment\u00e9s <\/strong>gombra val\u00f3 kattint\u00e1st k\u00f6vet\u0151en a domainn\u00e9l (amit \u00e1tir\u00e1ny\u00edtottunk) kattintsunk a <strong>DNS z\u00f3na szerkeszt\u00e9se <\/strong>gombra;<\/li><li>a k\u00e9t \u201cA\u201d t\u00edpus\u00fa rekordn\u00e1l a ceruza ikonnal m\u00f3dos\u00edtsuk az IP c\u00edmet a k\u00f6vetkez\u0151re: <strong>88.151.96.8<\/strong><\/li><\/ul>\n\n\n\n<p>A be\u00e1ll\u00edt\u00e1s elv\u00e9gz\u00e9s\u00e9t k\u00f6vet\u0151en az \u00e1tir\u00e1ny\u00edt\u00e1s k\u00f6r\u00fclbel\u00fcl 1 \u00f3ra m\u00falva m\u00e1r l\u00e1that\u00f3 lesz a b\u00f6ng\u00e9sz\u0151ben.<\/p>\n\n\n\n<h4 class=\"wp-block-heading\"><strong>2. <a href=\"https:\/\/atw.hu\/webtarhely\" data-type=\"URL\" data-id=\"https:\/\/atw.hu\/webtarhely\" target=\"_blank\" rel=\"noreferrer noopener\">T\u00e1rhelyen<\/a> t\u00f6rt\u00e9n\u0151 konfigur\u00e1l\u00e1s<\/strong><\/h4>\n\n\n\n<p>Amennyiben esetleg rendelkez\u00fcnk a felhaszn\u00e1l\u00f3i fi\u00f3kban webt\u00e1rhellyel, \u00e9s azon domaint hozz\u00e1 csatoljuk, <strong>melyet<\/strong> <strong>\u00e1t k\u00edv\u00e1nunk ir\u00e1ny\u00edtani, <\/strong>\u00fagy a gy\u00f6k\u00e9rmapp\u00e1ba egy f\u00e1jl elhelyez\u00e9s\u00e9vel is megoldhat\u00f3 az \u00e1tir\u00e1ny\u00edt\u00e1s. Ennek kapcs\u00e1n az al\u00e1bbiaknak kell teljes\u00fclni\u00fck:<\/p>\n\n\n\n<ul class=\"wp-block-list\"><li>a domain n\u00e9v, <strong>amit<\/strong> <strong>\u00e1t szeretn\u00e9nk ir\u00e1ny\u00edtani, <\/strong>mutasson a t\u00e1rhely IP c\u00edm\u00e9re, teh\u00e1t legyenek \u00f6sszekapcsolva;<\/li><li>a t\u00e1rhelyen legyen egy <strong>.htaccess <\/strong>nev\u0171 f\u00e1jl.<\/li><\/ul>\n\n\n\n<p>Vegy\u00fcnk egy p\u00e9ld\u00e1t hozz\u00e1 \u00e9s tekints\u00fck meg, mi is a tartalma ennek a f\u00e1jlnak:<\/p>\n\n\n\n<ul class=\"wp-block-list\"><li>a domain neve, <strong>amit<\/strong> \u00e1t szeretn\u00e9nk ir\u00e1ny\u00edtani (ez van \u00f6sszekapcsolva a t\u00e1rhellyel)<strong>: <\/strong>azendomainem.hu;<\/li><li>a domain neve, <strong>amire <\/strong>az \u00e1tir\u00e1ny\u00edt\u00e1st v\u00e9gezz\u00fck: celdomain.hu.<\/li><\/ul>\n\n\n\n<p><span style=\"text-decoration: underline;\">A fentieknek megfelel\u0151en a f\u00e1jl tartalma az al\u00e1bbi:<\/span><\/p>\n\n\n\n<div class=\"wp-block-group\"><div class=\"wp-block-group__inner-container is-layout-flow wp-block-group-is-layout-flow\">\n<p>RewriteEngine On<\/p>\n\n\n\n<p>RewriteCond %{HTTP_HOST} ^(www\\.)?azendomainem\\.hu$ [NC]<\/p>\n\n\n\n<p>RewriteRule ^(.*)$ https:\/\/celdomain.hu\/$1 [L,R=301]<\/p>\n<\/div><\/div>\n\n\n\n<p><span style=\"text-decoration: underline;\">A fenti komponensek k\u00f6z\u00fcl az al\u00e1bbi jelent\u00e9seket hat\u00e1rozhatjuk meg:<\/span><\/p>\n\n\n\n<ul class=\"wp-block-list\"><li>RewriteCond %{HTTP_HOST} ^(www\\.)?azendomainem\\.hu$ [NC]<ul><li>az<strong> \u00e1tir\u00e1ny\u00edtani k\u00edv\u00e1nt <\/strong>domain n\u00e9v www. \u00e9s an\u00e9lk\u00fcli v\u00e1ltozat\u00e1nak defini\u00e1l\u00e1sa.<\/li><\/ul><\/li><li>RewriteRule ^(.*)$ https:\/\/celdomain.hu\/$1 [L,R=301]<ul><li>a domain, <strong>amire \u00e1tir\u00e1ny\u00edt\u00e1st<\/strong> v\u00e9gz\u00fcnk. L\u00e1that\u00f3 a 301- es, azaz a v\u00e9gleges \u00e1tir\u00e1ny\u00edt\u00e1s megad\u00e1sa is.<\/li><\/ul><\/li><\/ul>\n\n\n\n<p>Amennyiben esetleg seg\u00edts\u00e9gre, tan\u00e1csra lenne sz\u00fcks\u00e9ge a domain \u00e1tir\u00e1ny\u00edt\u00e1s kapcs\u00e1n, \u00fagy forduljon bizalommal<strong> <a href=\"https:\/\/atw.hu\/kapcsolat\" data-type=\"URL\" data-id=\"https:\/\/atw.hu\/kapcsolat\" target=\"_blank\" rel=\"noreferrer noopener\">\u00dcgyf\u00e9lszolg\u00e1latunkhoz<\/a><\/strong>!<\/p>\n","protected":false},"excerpt":{"rendered":"<p>Ebben a cikkben t\u00f6bbet tudhat meg a domain \u00e1tir\u00e1ny\u00edt\u00e1s m\u00f3dozatair\u00f3l \u00e1ltal\u00e1nosan \u00e9s szolg\u00e1ltat\u00e1s specifikusan.<\/p>\n","protected":false},"author":3,"featured_media":0,"comment_status":"closed","ping_status":"open","sticky":false,"template":"","format":"standard","meta":{"footnotes":""},"categories":[3],"tags":[29,12,6],"class_list":["post-938","post","type-post","status-publish","format-standard","hentry","category-szakmazas","tag-domain","tag-weboldal","tag-webtarhely"],"_links":{"self":[{"href":"https:\/\/atw.hu\/blog\/wp-json\/wp\/v2\/posts\/938","targetHints":{"allow":["GET"]}}],"collection":[{"href":"https:\/\/atw.hu\/blog\/wp-json\/wp\/v2\/posts"}],"about":[{"href":"https:\/\/atw.hu\/blog\/wp-json\/wp\/v2\/types\/post"}],"author":[{"embeddable":true,"href":"https:\/\/atw.hu\/blog\/wp-json\/wp\/v2\/users\/3"}],"replies":[{"embeddable":true,"href":"https:\/\/atw.hu\/blog\/wp-json\/wp\/v2\/comments?post=938"}],"version-history":[{"count":2,"href":"https:\/\/atw.hu\/blog\/wp-json\/wp\/v2\/posts\/938\/revisions"}],"predecessor-version":[{"id":941,"href":"https:\/\/atw.hu\/blog\/wp-json\/wp\/v2\/posts\/938\/revisions\/941"}],"wp:attachment":[{"href":"https:\/\/atw.hu\/blog\/wp-json\/wp\/v2\/media?parent=938"}],"wp:term":[{"taxonomy":"category","embeddable":true,"href":"https:\/\/atw.hu\/blog\/wp-json\/wp\/v2\/categories?post=938"},{"taxonomy":"post_tag","embeddable":true,"href":"https:\/\/atw.hu\/blog\/wp-json\/wp\/v2\/tags?post=938"}],"curies":[{"name":"wp","href":"https:\/\/api.w.org\/{rel}","templated":true}]}}